{"id":121,"date":"2025-02-12T15:03:20","date_gmt":"2025-02-12T15:03:20","guid":{"rendered":"https:\/\/horaciocornelli.com\/facultad\/?p=121"},"modified":"2025-02-15T18:31:23","modified_gmt":"2025-02-15T18:31:23","slug":"comentarios-de-ex-alumnos-2","status":"publish","type":"post","link":"https:\/\/horaciocornelli.com\/facultad\/comentarios-de-ex-alumnos-2\/","title":{"rendered":"Comentarios de ex alumnos"},"content":{"rendered":"<p>Nancy V. Garc\u00eda \u2013 Pastora: Facultad B\u00edblica Internacional es una instituci\u00f3n a la que agradezco y amo, tengo el honor de ser alumna de dicha instituci\u00f3n, me gradu\u00e9 en Licenciatura Pastoral , otros cursos teol\u00f3gicos y\u00a0 seguimos aprendiendo ya qu\u00e9 los directores Doctor Horacio y Ada Cornelli se ocupan con mucho amor y dedicaci\u00f3n a instruirnos en las Sagradas Escrituras.<\/p>\n\n\n<p>Horacio Semer\u00eda \u2013 Pastor: Mi experiencia en Facultad B\u00edblica fue muy positiva. Me permiti\u00f3 conocer la Palabra de Dios m\u00e1s profundamente lo que produjo un cambio en mi vida y la\u00a0de\u00a0mi\u00a0familia.<\/p>\n","protected":false},"excerpt":{"rendered":"<p>Nancy V. Garc\u00eda \u2013 Pastora: Facultad B\u00edblica Internacional es una instituci\u00f3n a la que agradezco y amo, tengo el honor de ser alumna de dicha instituci\u00f3n, me gradu\u00e9 en Licenciatura Pastoral , otros cursos teol\u00f3gicos y\u00a0 seguimos aprendiendo ya qu\u00e9 los directores Doctor Horacio y Ada Cornelli se ocupan con mucho amor y dedicaci\u00f3n a instruirnos en las Sagradas Escrituras.<\/p>\n","protected":false},"author":2,"featured_media":0,"comment_status":"open","ping_status":"open","sticky":false,"template":"","format":"standard","meta":{"footnotes":""},"categories":[9],"tags":[],"class_list":["post-121","post","type-post","status-publish","format-standard","hentry","category-testi"],"_links":{"self":[{"href":"https:\/\/horaciocornelli.com\/facultad\/wp-json\/wp\/v2\/posts\/121","targetHints":{"allow":["GET"]}}],"collection":[{"href":"https:\/\/horaciocornelli.com\/facultad\/wp-json\/wp\/v2\/posts"}],"about":[{"href":"https:\/\/horaciocornelli.com\/facultad\/wp-json\/wp\/v2\/types\/post"}],"author":[{"embeddable":true,"href":"https:\/\/horaciocornelli.com\/facultad\/wp-json\/wp\/v2\/users\/2"}],"replies":[{"embeddable":true,"href":"https:\/\/horaciocornelli.com\/facultad\/wp-json\/wp\/v2\/comments?post=121"}],"version-history":[{"count":4,"href":"https:\/\/horaciocornelli.com\/facultad\/wp-json\/wp\/v2\/posts\/121\/revisions"}],"predecessor-version":[{"id":543,"href":"https:\/\/horaciocornelli.com\/facultad\/wp-json\/wp\/v2\/posts\/121\/revisions\/543"}],"wp:attachment":[{"href":"https:\/\/horaciocornelli.com\/facultad\/wp-json\/wp\/v2\/media?parent=121"}],"wp:term":[{"taxonomy":"category","embeddable":true,"href":"https:\/\/horaciocornelli.com\/facultad\/wp-json\/wp\/v2\/categories?post=121"},{"taxonomy":"post_tag","embeddable":true,"href":"https:\/\/horaciocornelli.com\/facultad\/wp-json\/wp\/v2\/tags?post=121"}],"curies":[{"name":"wp","href":"https:\/\/api.w.org\/{rel}","templated":true}]}}